{"id":155,"date":"2010-03-09T22:26:28","date_gmt":"2010-03-09T21:26:28","guid":{"rendered":"http:\/\/www.foerderverein-gs-eltze.de\/?p=155"},"modified":"2010-03-31T15:03:15","modified_gmt":"2010-03-31T14:03:15","slug":"herr-bombelmann-liest-vor","status":"publish","type":"post","link":"https:\/\/www.foerderverein-gs-eltze.de\/?p=155","title":{"rendered":"Herr Bombelmann liest vor"},"content":{"rendered":"<p>Um das Leseverst\u00e4ndnis der Sch\u00fcler zu f\u00f6rdern und den Sch\u00fclern ein au\u00dfergew\u00f6hnliches Erlebnis zu bieten haben wir uns dazu entschlossen eine Autorenlesung zu unterst\u00fctzen.<\/p>\n<p>Vom F\u00f6rderverein mit 250 \u20ac gesponsort hat heute der Kinderbuchautor &#8220;<a href=\"http:\/\/www.bombelmann.de\/index.php?option=com_content&amp;task=view&amp;id=2&amp;Itemid=5\" target=\"_blank\">Wolfgang Lambrecht<\/a>&#8221; den Klassen heute\u00a0aus den <a href=\"http:\/\/www.bombelmann.de\/index.php?option=com_content&amp;task=view&amp;id=40&amp;Itemid=58\" target=\"_blank\">B\u00fcchern <\/a>seiner <a href=\"http:\/\/www.bombelmann.de\/\" target=\"_blank\">Bombelmann <\/a>Reihe vorgelesen.<br \/>\nDie Kinder hatten die Gelegenheit nach der Lesung mit dem Buchautor pers\u00f6nlich zu diskutieren.<\/p>\n<p>Hier gibts jetzt als Bonus noch ein kleines youTube Video mit dem Bombelmann Song :&#8211;) Viel Spa\u00df.<\/p>\n<p><object classid=\"clsid:d27cdb6e-ae6d-11cf-96b8-444553540000\" width=\"425\" height=\"344\" codebase=\"http:\/\/download.macromedia.com\/pub\/shockwave\/cabs\/flash\/swflash.cab#version=6,0,40,0\"><param name=\"allowFullScreen\" value=\"true\" \/><param name=\"allowscriptaccess\" value=\"always\" \/><param name=\"src\" value=\"http:\/\/www.youtube.com\/v\/oeOyOWO2sgA&amp;hl=de_DE&amp;fs=1&amp;rel=0&amp;color1=0xe1600f&amp;color2=0xfebd01\" \/><param name=\"allowfullscreen\" value=\"true\" \/><embed type=\"application\/x-shockwave-flash\" width=\"425\" height=\"344\" src=\"http:\/\/www.youtube.com\/v\/oeOyOWO2sgA&amp;hl=de_DE&amp;fs=1&amp;rel=0&amp;color1=0xe1600f&amp;color2=0xfebd01\" allowfullscreen=\"true\" allowscriptaccess=\"always\"><\/embed><\/object><\/p>\n","protected":false},"excerpt":{"rendered":"<p>Um das Leseverst\u00e4ndnis der Sch\u00fcler zu f\u00f6rdern und den Sch\u00fclern ein au\u00dfergew\u00f6hnliches Erlebnis zu bieten haben wir uns dazu entschlossen eine Autorenlesung zu unterst\u00fctzen. Vom F\u00f6rderverein mit 250 \u20ac gesponsort hat heute der Kinderbuchautor &#8220;Wolfgang Lambrecht&#8221; den Klassen heute\u00a0aus den [&hellip;]<\/p>\n","protected":false},"author":3,"featured_media":0,"comment_status":"open","ping_status":"open","sticky":false,"template":"","format":"standard","meta":{"ngg_post_thumbnail":0,"footnotes":""},"categories":[27],"tags":[65,66,64],"class_list":["post-155","post","type-post","status-publish","format-standard","hentry","category-vom-forderverein-gesponsort","tag-autorenlesung","tag-lesen","tag-vorlesung"],"_links":{"self":[{"href":"https:\/\/www.foerderverein-gs-eltze.de\/index.php?rest_route=\/wp\/v2\/posts\/155","targetHints":{"allow":["GET"]}}],"collection":[{"href":"https:\/\/www.foerderverein-gs-eltze.de\/index.php?rest_route=\/wp\/v2\/posts"}],"about":[{"href":"https:\/\/www.foerderverein-gs-eltze.de\/index.php?rest_route=\/wp\/v2\/types\/post"}],"author":[{"embeddable":true,"href":"https:\/\/www.foerderverein-gs-eltze.de\/index.php?rest_route=\/wp\/v2\/users\/3"}],"replies":[{"embeddable":true,"href":"https:\/\/www.foerderverein-gs-eltze.de\/index.php?rest_route=%2Fwp%2Fv2%2Fcomments&post=155"}],"version-history":[{"count":9,"href":"https:\/\/www.foerderverein-gs-eltze.de\/index.php?rest_route=\/wp\/v2\/posts\/155\/revisions"}],"predecessor-version":[{"id":158,"href":"https:\/\/www.foerderverein-gs-eltze.de\/index.php?rest_route=\/wp\/v2\/posts\/155\/revisions\/158"}],"wp:attachment":[{"href":"https:\/\/www.foerderverein-gs-eltze.de\/index.php?rest_route=%2Fwp%2Fv2%2Fmedia&parent=155"}],"wp:term":[{"taxonomy":"category","embeddable":true,"href":"https:\/\/www.foerderverein-gs-eltze.de\/index.php?rest_route=%2Fwp%2Fv2%2Fcategories&post=155"},{"taxonomy":"post_tag","embeddable":true,"href":"https:\/\/www.foerderverein-gs-eltze.de\/index.php?rest_route=%2Fwp%2Fv2%2Ftags&post=155"}],"curies":[{"name":"wp","href":"https:\/\/api.w.org\/{rel}","templated":true}]}}