{"id":237,"date":"2010-04-11T18:11:16","date_gmt":"2010-04-11T17:11:16","guid":{"rendered":"http:\/\/www.foerderverein-gs-eltze.de\/?p=237"},"modified":"2010-04-13T06:19:49","modified_gmt":"2010-04-13T05:19:49","slug":"bauarbeiten-auf-dem-schulhof-fur-die-kunstprojektwoche","status":"publish","type":"post","link":"https:\/\/www.foerderverein-gs-eltze.de\/?p=237","title":{"rendered":"Bauarbeiten auf dem Schulhof f\u00fcr die Kunstprojektwoche"},"content":{"rendered":"<p>F\u00fcr die Kunstprojektwoche, die in der Woche vom 12.April stattfindet, mussten einige Bauarbeiten durchgef\u00fchrt werden.<\/p>\n<p>Die einbetonierten L\u00fcmmelb\u00e4nke (die hei\u00dfen wirklich so \ud83d\ude42 ) zwischen den Eingangst\u00fcren sowie der uralte Fliederbusch wurden ausgebuddelt und mit schwerem Ger\u00e4t entfernt. An die Stelle kamen zwei Fundamente, die sp\u00e4ter die Basis f\u00fcr das Kunstprojekt sein sollten.<\/p>\n<p>Au\u00dferdem passte der Schaukasten des F\u00f6rdervereins jetzt nicht mehr so richtig ins Bild und wurde spontan versetzt. Die an der Stelle vorhandene, alte &amp; defekte Stra\u00dfenlaterne wurde auch kurzerhand entfernt. Der Abfalleimer steht jetzt auf der linken Seite.<\/p>\n<p>Um das &#8220;Amphitheater&#8221; (der Sitzkreis) &#8211; zu versch\u00f6nen wurden dort B\u00fcsche gepflanzt. Das Blumenbeet vor dem Lehrerzimmer war ziemlich zu gewuchert und wurde entkrautet.<\/p>\nngg_shortcode_0_placeholder\n<p>Beteiligt haben sich f\u00fcnf Eltern &amp; F\u00f6rderverein Mitglieder, zwei Lehrerinnen, ein Hausmeister, ein John Deere Traktor, ein Fendt Schlepper, ein R\u00fcttelger\u00e4t, ein Betonmischer, ein Anh\u00e4nger mit Kies, &gt;5 Schubkarren und diverse Schaufeln und Spaten und nicht zuletzt viele Kinder. Vielen Dank an alle Beteiligten!<\/p>\n<p>Die Finanzierung der Arbeiten (15 Sack Zement, 5 t Kies) \u00fcbernahm der F\u00f6rderverein.<\/p>\n<p>Die L\u00fcmmelb\u00e4nke und ein M\u00fclleimer liegen derzeit noch im hinteren Bereiches des Schulhofs und sollen in K\u00fcrze auf dem Schulhof an sinnvoller Stelle eingesetzt werden.<\/p>\n<p>Die Kunstprojektwoche kann starten &#8211; Wir sind gespannt auf die Ergebnisse!<\/p>\n<p>Lesen Sie auch den <strong>Kommentar von Frau Billen<\/strong> vom Montag den 13.April 2010 &#8211; <a href=\"https:\/\/www.foerderverein-gs-eltze.de\/?p=237#comments\">hier geht es zum Kommentar<\/a>.<\/p>\n","protected":false},"excerpt":{"rendered":"<p>F\u00fcr die Kunstprojektwoche, die in der Woche vom 12.April stattfindet, mussten einige Bauarbeiten durchgef\u00fchrt werden. Die einbetonierten L\u00fcmmelb\u00e4nke (die hei\u00dfen wirklich so \ud83d\ude42 ) zwischen den Eingangst\u00fcren sowie der uralte Fliederbusch wurden ausgebuddelt und mit schwerem Ger\u00e4t entfernt. An die [&hellip;]<\/p>\n","protected":false},"author":3,"featured_media":0,"comment_status":"open","ping_status":"open","sticky":false,"template":"","format":"standard","meta":{"ngg_post_thumbnail":0,"footnotes":""},"categories":[4,27],"tags":[70,69,71,49,47],"class_list":["post-237","post","type-post","status-publish","format-standard","hentry","category-aktionen","category-vom-forderverein-gesponsort","tag-bauarbeiten","tag-kunstprojektwoche","tag-lummelbanke","tag-schulhof","tag-sitzkreis"],"_links":{"self":[{"href":"https:\/\/www.foerderverein-gs-eltze.de\/index.php?rest_route=\/wp\/v2\/posts\/237","targetHints":{"allow":["GET"]}}],"collection":[{"href":"https:\/\/www.foerderverein-gs-eltze.de\/index.php?rest_route=\/wp\/v2\/posts"}],"about":[{"href":"https:\/\/www.foerderverein-gs-eltze.de\/index.php?rest_route=\/wp\/v2\/types\/post"}],"author":[{"embeddable":true,"href":"https:\/\/www.foerderverein-gs-eltze.de\/index.php?rest_route=\/wp\/v2\/users\/3"}],"replies":[{"embeddable":true,"href":"https:\/\/www.foerderverein-gs-eltze.de\/index.php?rest_route=%2Fwp%2Fv2%2Fcomments&post=237"}],"version-history":[{"count":5,"href":"https:\/\/www.foerderverein-gs-eltze.de\/index.php?rest_route=\/wp\/v2\/posts\/237\/revisions"}],"predecessor-version":[{"id":240,"href":"https:\/\/www.foerderverein-gs-eltze.de\/index.php?rest_route=\/wp\/v2\/posts\/237\/revisions\/240"}],"wp:attachment":[{"href":"https:\/\/www.foerderverein-gs-eltze.de\/index.php?rest_route=%2Fwp%2Fv2%2Fmedia&parent=237"}],"wp:term":[{"taxonomy":"category","embeddable":true,"href":"https:\/\/www.foerderverein-gs-eltze.de\/index.php?rest_route=%2Fwp%2Fv2%2Fcategories&post=237"},{"taxonomy":"post_tag","embeddable":true,"href":"https:\/\/www.foerderverein-gs-eltze.de\/index.php?rest_route=%2Fwp%2Fv2%2Ftags&post=237"}],"curies":[{"name":"wp","href":"https:\/\/api.w.org\/{rel}","templated":true}]}}