{"id":305,"date":"2010-11-16T21:07:58","date_gmt":"2010-11-16T20:07:58","guid":{"rendered":"http:\/\/www.foerderverein-gs-eltze.de\/?p=305"},"modified":"2010-12-10T14:52:35","modified_gmt":"2010-12-10T13:52:35","slug":"verstarkeranlage-und-mischpult","status":"publish","type":"post","link":"https:\/\/www.foerderverein-gs-eltze.de\/?p=305","title":{"rendered":"Verst\u00e4rkeranlage und Mischpult"},"content":{"rendered":"<p>Zur besseren Ausstattung der B\u00fchnentechnik, wurde jetzt einer neue Verst\u00e4rkeranlage und ein neues Mischpult im Gesamtwert von rund 500,00 EUR\u00a0\u00a0gekauft. Beide Ger\u00e4te ersetzen die bisherige 20 Jahre alte,\u00a0 nicht mehtr vollfunktionsf\u00e4hige Anlage.<\/p>\n","protected":false},"excerpt":{"rendered":"<p>Zur besseren Ausstattung der B\u00fchnentechnik, wurde jetzt einer neue Verst\u00e4rkeranlage und ein neues Mischpult im Gesamtwert von rund 500,00 EUR\u00a0\u00a0gekauft. Beide Ger\u00e4te ersetzen die bisherige 20 Jahre alte,\u00a0 nicht mehtr vollfunktionsf\u00e4hige Anlage.<\/p>\n","protected":false},"author":2,"featured_media":0,"comment_status":"open","ping_status":"open","sticky":false,"template":"","format":"standard","meta":{"ngg_post_thumbnail":0,"footnotes":""},"categories":[5,11,27],"tags":[115,82,74,73,72,119,85],"class_list":["post-305","post","type-post","status-publish","format-standard","hentry","category-buhne","category-theater","category-vom-forderverein-gesponsort","tag-buhne","tag-chor","tag-mikrofone","tag-mischpult","tag-musikanlage","tag-theater","tag-verstarker"],"_links":{"self":[{"href":"https:\/\/www.foerderverein-gs-eltze.de\/index.php?rest_route=\/wp\/v2\/posts\/305","targetHints":{"allow":["GET"]}}],"collection":[{"href":"https:\/\/www.foerderverein-gs-eltze.de\/index.php?rest_route=\/wp\/v2\/posts"}],"about":[{"href":"https:\/\/www.foerderverein-gs-eltze.de\/index.php?rest_route=\/wp\/v2\/types\/post"}],"author":[{"embeddable":true,"href":"https:\/\/www.foerderverein-gs-eltze.de\/index.php?rest_route=\/wp\/v2\/users\/2"}],"replies":[{"embeddable":true,"href":"https:\/\/www.foerderverein-gs-eltze.de\/index.php?rest_route=%2Fwp%2Fv2%2Fcomments&post=305"}],"version-history":[{"count":8,"href":"https:\/\/www.foerderverein-gs-eltze.de\/index.php?rest_route=\/wp\/v2\/posts\/305\/revisions"}],"predecessor-version":[{"id":316,"href":"https:\/\/www.foerderverein-gs-eltze.de\/index.php?rest_route=\/wp\/v2\/posts\/305\/revisions\/316"}],"wp:attachment":[{"href":"https:\/\/www.foerderverein-gs-eltze.de\/index.php?rest_route=%2Fwp%2Fv2%2Fmedia&parent=305"}],"wp:term":[{"taxonomy":"category","embeddable":true,"href":"https:\/\/www.foerderverein-gs-eltze.de\/index.php?rest_route=%2Fwp%2Fv2%2Fcategories&post=305"},{"taxonomy":"post_tag","embeddable":true,"href":"https:\/\/www.foerderverein-gs-eltze.de\/index.php?rest_route=%2Fwp%2Fv2%2Ftags&post=305"}],"curies":[{"name":"wp","href":"https:\/\/api.w.org\/{rel}","templated":true}]}}