{"id":322,"date":"2010-12-13T22:50:53","date_gmt":"2010-12-13T21:50:53","guid":{"rendered":"http:\/\/www.foerderverein-gs-eltze.de\/?p=322"},"modified":"2010-12-14T13:50:30","modified_gmt":"2010-12-14T12:50:30","slug":"neue-mikrofone-fur-die-schule","status":"publish","type":"post","link":"https:\/\/www.foerderverein-gs-eltze.de\/?p=322","title":{"rendered":"Neue Mikrofone f\u00fcr die Schule"},"content":{"rendered":"<p>Wer die Theaterauff\u00fchrungen der letzten Jahre mitverfolgt hat, musste entt\u00e4uscht feststellen, da\u00df die Kinder durch die schlechte Akustik in der Turnhalle leider nicht immer gut zu verstehen waren. Bis auf zwei neuer Modelle lieferten die wenigen, alten Mikrofone, die der Schule zur Verf\u00fcgung standen, leider nur schlechte Ergebnisse.<\/p>\n<p>Unsere kleine Grundschule hat sich mit Ihrem Profil im Bereich Theater, Gesang und Kunst inzwischen in der gesamten Uetzer Region einen Namen gemacht.<\/p>\n<p>Daher haben wir uns entschlossen das Profil zu st\u00e4rken, und\u00a0in neue Mikrofone sowie eine leistungsf\u00e4hige Verst\u00e4rkeranlage investiert.<br \/>\nSechs moderne Sennheiser Mikrofone im Wert von rund 1.000 \u20ac werden die <a href=\"https:\/\/www.foerderverein-gs-eltze.de\/?p=305\">bereits vor einigen Wochen gekaufte Verst\u00e4rkeranlage <\/a>erg\u00e4nzen.<\/p>\n<p>Die neue Technik wird sicher mindestens die n\u00e4chsten\u00a010-15 Jahre nutzbar sein.<br \/>\nWir sind daher \u00fcberzeugt davon, eine nachhaltige Investition get\u00e4tigt zu haben, von der noch viele Jahrg\u00e4nge profitieren.<\/p>\n<p><a href=\"https:\/\/www.foerderverein-gs-eltze.de\/wp-content\/uploads\/2010\/12\/micros.jpg\"><img loading=\"lazy\" decoding=\"async\" class=\"aligncenter size-medium wp-image-323\" title=\"micros\" src=\"https:\/\/www.foerderverein-gs-eltze.de\/wp-content\/uploads\/2010\/12\/micros-300x135.jpg\" alt=\"\" width=\"300\" height=\"135\" srcset=\"https:\/\/www.foerderverein-gs-eltze.de\/wp-content\/uploads\/2010\/12\/micros-300x135.jpg 300w, https:\/\/www.foerderverein-gs-eltze.de\/wp-content\/uploads\/2010\/12\/micros.jpg 600w\" sizes=\"auto, (max-width: 300px) 100vw, 300px\" \/><\/a><\/p>\n<p>Zum Einsatz kommt die neue Technik beim <a href=\"https:\/\/www.foerderverein-gs-eltze.de\/?p=313\">Weihnachtstheater 2010<\/a>. Wir dr\u00fccken die Daumen, dass alles klappt.<\/p>\n","protected":false},"excerpt":{"rendered":"<p>Wer die Theaterauff\u00fchrungen der letzten Jahre mitverfolgt hat, musste entt\u00e4uscht feststellen, da\u00df die Kinder durch die schlechte Akustik in der Turnhalle leider nicht immer gut zu verstehen waren. Bis auf zwei neuer Modelle lieferten die wenigen, alten Mikrofone, die der [&hellip;]<\/p>\n","protected":false},"author":3,"featured_media":0,"comment_status":"open","ping_status":"open","sticky":false,"template":"","format":"standard","meta":{"ngg_post_thumbnail":0,"footnotes":""},"categories":[5,11,27],"tags":[115,74,119,85,90],"class_list":["post-322","post","type-post","status-publish","format-standard","hentry","category-buhne","category-theater","category-vom-forderverein-gesponsort","tag-buhne","tag-mikrofone","tag-theater","tag-verstarker","tag-weihnachtstheater"],"_links":{"self":[{"href":"https:\/\/www.foerderverein-gs-eltze.de\/index.php?rest_route=\/wp\/v2\/posts\/322","targetHints":{"allow":["GET"]}}],"collection":[{"href":"https:\/\/www.foerderverein-gs-eltze.de\/index.php?rest_route=\/wp\/v2\/posts"}],"about":[{"href":"https:\/\/www.foerderverein-gs-eltze.de\/index.php?rest_route=\/wp\/v2\/types\/post"}],"author":[{"embeddable":true,"href":"https:\/\/www.foerderverein-gs-eltze.de\/index.php?rest_route=\/wp\/v2\/users\/3"}],"replies":[{"embeddable":true,"href":"https:\/\/www.foerderverein-gs-eltze.de\/index.php?rest_route=%2Fwp%2Fv2%2Fcomments&post=322"}],"version-history":[{"count":5,"href":"https:\/\/www.foerderverein-gs-eltze.de\/index.php?rest_route=\/wp\/v2\/posts\/322\/revisions"}],"predecessor-version":[{"id":328,"href":"https:\/\/www.foerderverein-gs-eltze.de\/index.php?rest_route=\/wp\/v2\/posts\/322\/revisions\/328"}],"wp:attachment":[{"href":"https:\/\/www.foerderverein-gs-eltze.de\/index.php?rest_route=%2Fwp%2Fv2%2Fmedia&parent=322"}],"wp:term":[{"taxonomy":"category","embeddable":true,"href":"https:\/\/www.foerderverein-gs-eltze.de\/index.php?rest_route=%2Fwp%2Fv2%2Fcategories&post=322"},{"taxonomy":"post_tag","embeddable":true,"href":"https:\/\/www.foerderverein-gs-eltze.de\/index.php?rest_route=%2Fwp%2Fv2%2Ftags&post=322"}],"curies":[{"name":"wp","href":"https:\/\/api.w.org\/{rel}","templated":true}]}}