{"id":343,"date":"2011-04-02T18:33:08","date_gmt":"2011-04-02T17:33:08","guid":{"rendered":"http:\/\/www.foerderverein-gs-eltze.de\/?p=343"},"modified":"2011-05-23T19:12:31","modified_gmt":"2011-05-23T18:12:31","slug":"klasse-wir-singen-nur-noch-wenige-wochen","status":"publish","type":"post","link":"https:\/\/www.foerderverein-gs-eltze.de\/?p=343","title":{"rendered":"Klasse wir singen&#8230; nur noch wenige Wochen"},"content":{"rendered":"<p>Nur noch wenige Wochen dauert es, dann startet das gro\u00dfe &#8220;Klasse! Wir singen&#8221; Event. Die verl\u00e4ssliche Grundschule Eltze nimmt an dieser Gro\u00dfveranstaltung teil. Ziel ist es, \u00fcber 100.000 Sch\u00fcler gemeinsam auf der B\u00fchne zu haben.<\/p>\n<p>Bis dahin wird t\u00e4glich ge\u00fcbt.<\/p>\n<p>F\u00fcr alle, die sich \u00fcber das Projekt informieren m\u00f6chten, gibt es hier ein gutes <a href=\"http:\/\/www.klasse-wir-singen.de\/video\/klasse-wir-singen2011.swf\">Video<\/a>.<\/p>\n","protected":false},"excerpt":{"rendered":"<p>Nur noch wenige Wochen dauert es, dann startet das gro\u00dfe &#8220;Klasse! Wir singen&#8221; Event. Die verl\u00e4ssliche Grundschule Eltze nimmt an dieser Gro\u00dfveranstaltung teil. Ziel ist es, \u00fcber 100.000 Sch\u00fcler gemeinsam auf der B\u00fchne zu haben. Bis dahin wird t\u00e4glich ge\u00fcbt. [&hellip;]<\/p>\n","protected":false},"author":3,"featured_media":0,"comment_status":"open","ping_status":"open","sticky":false,"template":"","format":"standard","meta":{"ngg_post_thumbnail":0,"footnotes":""},"categories":[8,10,27],"tags":[],"class_list":["post-343","post","type-post","status-publish","format-standard","hentry","category-schulinfos","category-termine","category-vom-forderverein-gesponsort"],"_links":{"self":[{"href":"https:\/\/www.foerderverein-gs-eltze.de\/index.php?rest_route=\/wp\/v2\/posts\/343","targetHints":{"allow":["GET"]}}],"collection":[{"href":"https:\/\/www.foerderverein-gs-eltze.de\/index.php?rest_route=\/wp\/v2\/posts"}],"about":[{"href":"https:\/\/www.foerderverein-gs-eltze.de\/index.php?rest_route=\/wp\/v2\/types\/post"}],"author":[{"embeddable":true,"href":"https:\/\/www.foerderverein-gs-eltze.de\/index.php?rest_route=\/wp\/v2\/users\/3"}],"replies":[{"embeddable":true,"href":"https:\/\/www.foerderverein-gs-eltze.de\/index.php?rest_route=%2Fwp%2Fv2%2Fcomments&post=343"}],"version-history":[{"count":7,"href":"https:\/\/www.foerderverein-gs-eltze.de\/index.php?rest_route=\/wp\/v2\/posts\/343\/revisions"}],"predecessor-version":[{"id":361,"href":"https:\/\/www.foerderverein-gs-eltze.de\/index.php?rest_route=\/wp\/v2\/posts\/343\/revisions\/361"}],"wp:attachment":[{"href":"https:\/\/www.foerderverein-gs-eltze.de\/index.php?rest_route=%2Fwp%2Fv2%2Fmedia&parent=343"}],"wp:term":[{"taxonomy":"category","embeddable":true,"href":"https:\/\/www.foerderverein-gs-eltze.de\/index.php?rest_route=%2Fwp%2Fv2%2Fcategories&post=343"},{"taxonomy":"post_tag","embeddable":true,"href":"https:\/\/www.foerderverein-gs-eltze.de\/index.php?rest_route=%2Fwp%2Fv2%2Ftags&post=343"}],"curies":[{"name":"wp","href":"https:\/\/api.w.org\/{rel}","templated":true}]}}