{"id":350,"date":"2011-05-31T19:12:12","date_gmt":"2011-05-31T18:12:12","guid":{"rendered":"http:\/\/www.foerderverein-gs-eltze.de\/?p=350"},"modified":"2011-06-09T14:46:58","modified_gmt":"2011-06-09T13:46:58","slug":"altkleidersammlung-fur-den-forderverein","status":"publish","type":"post","link":"https:\/\/www.foerderverein-gs-eltze.de\/?p=350","title":{"rendered":"Altkleidersammlung f\u00fcr den F\u00f6rderverein"},"content":{"rendered":"<p>Seit Anfang 2010 steht er nun am Rande des Schulhofes: Der <a href=\"http:\/\/de.wikipedia.org\/wiki\/Altkleidersammlung\">Altkleidersammelcontainer <\/a>der Firma <a href=\"http:\/\/www.padula-uetze.de\/\">Padula Textilverwertung <\/a>aus Uetze.<\/p>\n<p><a href=\"https:\/\/www.foerderverein-gs-eltze.de\/wp-content\/uploads\/2011\/05\/IMG-20110609-001951.jpg\"><img loading=\"lazy\" decoding=\"async\" class=\"size-medium wp-image-363 alignleft\" title=\"Altkleidercontainer an der Schule\" src=\"https:\/\/www.foerderverein-gs-eltze.de\/wp-content\/uploads\/2011\/05\/IMG-20110609-001951-e1307627159245-225x300.jpg\" alt=\"\" width=\"167\" height=\"211\" \/><\/a><\/p>\n<p>Nach Abstimmung mit der Schulleitung haben wir uns Anfang 2010 darum gek\u00fcmmert, dass der Container an der Schule aufgestellt wird. Als &#8220;Nutzungsentsch\u00e4digung&#8221; bekommt der F\u00f6rderverein im Gegenzug einen monatlichen Obulus gezahlt.<\/p>\n<p>\u00dcber 400 \u20ac haben wir so schon eingenommen, die wir f\u00fcr tolle <a href=\"https:\/\/www.foerderverein-gs-eltze.de\/?cat=27\">Schulprojekte und Anschaffungen investieren <\/a>konnten.<\/p>\n<p>Also &#8211; unterst\u00fctzen Sie uns weiterhin so toll wie im letzten Jahr! Benutzen sie den Container auf dem Schulgel\u00e4nde bevorzugt, wenn Sie alte Textilien und Schuhe entsorgen.<\/p>\n<p>Wir und die Kinder der <a href=\"http:\/\/nibis.ni.schule.de\/~gs-eltze\/index2.html\">verl\u00e4sslichen Grundschule Eltze <\/a>werden es Ihnen danken.<\/p>\n<p>Ein <strong>dickes Dankesch\u00f6n <\/strong>m\u00f6chten wir an diese Stelle auch an <a href=\"http:\/\/www.padula-uetze.de\/\">Padula Textilverwertung <\/a>senden!<\/p>\n","protected":false},"excerpt":{"rendered":"<p>Seit Anfang 2010 steht er nun am Rande des Schulhofes: Der Altkleidersammelcontainer der Firma Padula Textilverwertung aus Uetze. Nach Abstimmung mit der Schulleitung haben wir uns Anfang 2010 darum gek\u00fcmmert, dass der Container an der Schule aufgestellt wird. Als &#8220;Nutzungsentsch\u00e4digung&#8221; [&hellip;]<\/p>\n","protected":false},"author":3,"featured_media":0,"comment_status":"open","ping_status":"open","sticky":false,"template":"","format":"standard","meta":{"ngg_post_thumbnail":0,"footnotes":""},"categories":[9],"tags":[92,49,117],"class_list":["post-350","post","type-post","status-publish","format-standard","hentry","category-spenden","tag-altkleider","tag-schulhof","tag-spenden"],"_links":{"self":[{"href":"https:\/\/www.foerderverein-gs-eltze.de\/index.php?rest_route=\/wp\/v2\/posts\/350","targetHints":{"allow":["GET"]}}],"collection":[{"href":"https:\/\/www.foerderverein-gs-eltze.de\/index.php?rest_route=\/wp\/v2\/posts"}],"about":[{"href":"https:\/\/www.foerderverein-gs-eltze.de\/index.php?rest_route=\/wp\/v2\/types\/post"}],"author":[{"embeddable":true,"href":"https:\/\/www.foerderverein-gs-eltze.de\/index.php?rest_route=\/wp\/v2\/users\/3"}],"replies":[{"embeddable":true,"href":"https:\/\/www.foerderverein-gs-eltze.de\/index.php?rest_route=%2Fwp%2Fv2%2Fcomments&post=350"}],"version-history":[{"count":5,"href":"https:\/\/www.foerderverein-gs-eltze.de\/index.php?rest_route=\/wp\/v2\/posts\/350\/revisions"}],"predecessor-version":[{"id":359,"href":"https:\/\/www.foerderverein-gs-eltze.de\/index.php?rest_route=\/wp\/v2\/posts\/350\/revisions\/359"}],"wp:attachment":[{"href":"https:\/\/www.foerderverein-gs-eltze.de\/index.php?rest_route=%2Fwp%2Fv2%2Fmedia&parent=350"}],"wp:term":[{"taxonomy":"category","embeddable":true,"href":"https:\/\/www.foerderverein-gs-eltze.de\/index.php?rest_route=%2Fwp%2Fv2%2Fcategories&post=350"},{"taxonomy":"post_tag","embeddable":true,"href":"https:\/\/www.foerderverein-gs-eltze.de\/index.php?rest_route=%2Fwp%2Fv2%2Ftags&post=350"}],"curies":[{"name":"wp","href":"https:\/\/api.w.org\/{rel}","templated":true}]}}