{"id":378,"date":"2011-11-20T07:41:02","date_gmt":"2011-11-20T06:41:02","guid":{"rendered":"http:\/\/www.foerderverein-gs-eltze.de\/?p=378"},"modified":"2011-11-20T07:47:42","modified_gmt":"2011-11-20T06:47:42","slug":"rasende-reporter-in-der-grundschule-eltze","status":"publish","type":"post","link":"https:\/\/www.foerderverein-gs-eltze.de\/?p=378","title":{"rendered":"Rasende Reporter in der Grundschule Eltze"},"content":{"rendered":"<p>Seit den Sommerferien haben wir \u201erichtige Reporter\u201c\u00a0 in unserer Grundschule.<\/p>\n<p>Dank der vom F\u00f6rderverein gespendeten \u201e<a href=\"http:\/\/www.diesterweg.de\/shop\/artikelansicht.php?artId=978-3-425-72990-9\">Easi-Speak-Mikrofone<\/a>\u201c\u00a0 k\u00f6nnen alle Schulkinder nun jederzeit Interviews aufnehmen.<\/p>\n<p><img loading=\"lazy\" decoding=\"async\" class=\"alignnone\" src=\"http:\/\/files.schulbuchzentrum-online.de\/teaserbilder\/easi_mikro-220.jpg\" alt=\"\" width=\"220\" height=\"170\" \/><\/p>\n<p>Nachdem z.B. die Viertkl\u00e4ssler im Eltzer Heimatmuseum an verschiedenen Stationen selbst nacherleben konnten, wie m\u00fchsam und zeitaufwendig viele Arbeiten fr\u00fcher waren (s. W\u00e4sche waschen am Waschbrett,\u00a0 Lederschuhe besohlen, Mehl mahlen, mit der Dezimalwaage wiegen etc.), konnten sie nun im Anschluss daran den Eltzer Heimatexperten Herrn M\u00f6hle als Interviewpartner in ihre Klasse einladen.<\/p>\n<p>Mit gro\u00dfer Motivation und modernem Mikrofon f\u00fchrten dann die \u201eReporter\u201c des vierten Schuljahres ihr einst\u00fcndiges Zeitzeugen-Interview zum Thema \u201eSchule fr\u00fcher\u201c durch.<\/p>\n<p>Zuk\u00fcnftig wird nun die von den Sch\u00fclern selbst produzierte \u201em\u00fcndliche Quelle\u201c bzw. die \u201egesprochene Geschichte\u201c den Sachunterricht als zus\u00e4tzliches Unterrichtsmaterial\u00a0 bereichern.<\/p>\n<p>Von gro\u00dfer Bedeutung ist die Anschaffung der beiden Easi-Speak-Mikrofone auch f\u00fcr den Deutschunterricht.\u00a0 Auf diese Weise k\u00f6nnen nun auch die von den Kindern zurzeit mit viel Freude inszenierten H\u00f6rspiele ganz schnell und unkompliziert aufgenommen werden.<\/p>\n<p align=\"center\">Wir sind gespannt,<br \/>\nzu welchen interessanten Projektideen<br \/>\nuns die zwei Easi-Speak-Mikrofone<br \/>\nnoch anregen werden !<\/p>\n","protected":false},"excerpt":{"rendered":"<p>Seit den Sommerferien haben wir \u201erichtige Reporter\u201c\u00a0 in unserer Grundschule. Dank der vom F\u00f6rderverein gespendeten \u201eEasi-Speak-Mikrofone\u201c\u00a0 k\u00f6nnen alle Schulkinder nun jederzeit Interviews aufnehmen. Nachdem z.B. die Viertkl\u00e4ssler im Eltzer Heimatmuseum an verschiedenen Stationen selbst nacherleben konnten, wie m\u00fchsam und zeitaufwendig [&hellip;]<\/p>\n","protected":false},"author":5,"featured_media":0,"comment_status":"open","ping_status":"open","sticky":false,"template":"","format":"standard","meta":{"ngg_post_thumbnail":0,"footnotes":""},"categories":[27],"tags":[],"class_list":["post-378","post","type-post","status-publish","format-standard","hentry","category-vom-forderverein-gesponsort"],"_links":{"self":[{"href":"https:\/\/www.foerderverein-gs-eltze.de\/index.php?rest_route=\/wp\/v2\/posts\/378","targetHints":{"allow":["GET"]}}],"collection":[{"href":"https:\/\/www.foerderverein-gs-eltze.de\/index.php?rest_route=\/wp\/v2\/posts"}],"about":[{"href":"https:\/\/www.foerderverein-gs-eltze.de\/index.php?rest_route=\/wp\/v2\/types\/post"}],"author":[{"embeddable":true,"href":"https:\/\/www.foerderverein-gs-eltze.de\/index.php?rest_route=\/wp\/v2\/users\/5"}],"replies":[{"embeddable":true,"href":"https:\/\/www.foerderverein-gs-eltze.de\/index.php?rest_route=%2Fwp%2Fv2%2Fcomments&post=378"}],"version-history":[{"count":4,"href":"https:\/\/www.foerderverein-gs-eltze.de\/index.php?rest_route=\/wp\/v2\/posts\/378\/revisions"}],"predecessor-version":[{"id":382,"href":"https:\/\/www.foerderverein-gs-eltze.de\/index.php?rest_route=\/wp\/v2\/posts\/378\/revisions\/382"}],"wp:attachment":[{"href":"https:\/\/www.foerderverein-gs-eltze.de\/index.php?rest_route=%2Fwp%2Fv2%2Fmedia&parent=378"}],"wp:term":[{"taxonomy":"category","embeddable":true,"href":"https:\/\/www.foerderverein-gs-eltze.de\/index.php?rest_route=%2Fwp%2Fv2%2Fcategories&post=378"},{"taxonomy":"post_tag","embeddable":true,"href":"https:\/\/www.foerderverein-gs-eltze.de\/index.php?rest_route=%2Fwp%2Fv2%2Ftags&post=378"}],"curies":[{"name":"wp","href":"https:\/\/api.w.org\/{rel}","templated":true}]}}