{"id":384,"date":"2012-04-12T11:01:15","date_gmt":"2012-04-12T10:01:15","guid":{"rendered":"http:\/\/www.foerderverein-gs-eltze.de\/?p=384"},"modified":"2012-04-12T11:01:15","modified_gmt":"2012-04-12T10:01:15","slug":"jahreshauptversammlung-am-24-04-2012","status":"publish","type":"post","link":"https:\/\/www.foerderverein-gs-eltze.de\/?p=384","title":{"rendered":"Jahreshauptversammlung am 24.04.2012"},"content":{"rendered":"<p>Unsere j\u00e4hrliche Mitgliederversammlung f\u00fcr das Schuljahr 2011-2012 findet am<br \/>\nDienstag den 24.04.2012 um 20:00 Uhr im Lehrerzimmer der Grundschule Eltze statt.<\/p>\n<p>Alle Mitglieder sowie alle Eltern von Sch\u00fclern sind recht herzlich eingeladen.<\/p>\n<p>Auf der Tagesordnung stehen<\/p>\n<ol>\n<li>Begr\u00fc\u00dfung<\/li>\n<li>Feststellung der Beschlussf\u00e4higkeit<\/li>\n<li>Bericht des stellv. Vorsitzenden<\/li>\n<li>Bericht des Schatzmeisters<\/li>\n<li>Bericht der Kassenpr\u00fcfer<\/li>\n<li>Entlastung des Vorstands<\/li>\n<li>Verschiedenes, Anfragen, W\u00fcnsche<\/li>\n<li>Neuwahlen<\/li>\n<\/ol>\n<p>Wir freuen uns \u00fcber Ihre Teilnahme.<\/p>\n","protected":false},"excerpt":{"rendered":"<p>Unsere j\u00e4hrliche Mitgliederversammlung f\u00fcr das Schuljahr 2011-2012 findet am Dienstag den 24.04.2012 um 20:00 Uhr im Lehrerzimmer der Grundschule Eltze statt. Alle Mitglieder sowie alle Eltern von Sch\u00fclern sind recht herzlich eingeladen. Auf der Tagesordnung stehen Begr\u00fc\u00dfung Feststellung der Beschlussf\u00e4higkeit [&hellip;]<\/p>\n","protected":false},"author":3,"featured_media":0,"comment_status":"open","ping_status":"open","sticky":false,"template":"","format":"standard","meta":{"ngg_post_thumbnail":0,"footnotes":""},"categories":[10],"tags":[],"class_list":["post-384","post","type-post","status-publish","format-standard","hentry","category-termine"],"_links":{"self":[{"href":"https:\/\/www.foerderverein-gs-eltze.de\/index.php?rest_route=\/wp\/v2\/posts\/384","targetHints":{"allow":["GET"]}}],"collection":[{"href":"https:\/\/www.foerderverein-gs-eltze.de\/index.php?rest_route=\/wp\/v2\/posts"}],"about":[{"href":"https:\/\/www.foerderverein-gs-eltze.de\/index.php?rest_route=\/wp\/v2\/types\/post"}],"author":[{"embeddable":true,"href":"https:\/\/www.foerderverein-gs-eltze.de\/index.php?rest_route=\/wp\/v2\/users\/3"}],"replies":[{"embeddable":true,"href":"https:\/\/www.foerderverein-gs-eltze.de\/index.php?rest_route=%2Fwp%2Fv2%2Fcomments&post=384"}],"version-history":[{"count":2,"href":"https:\/\/www.foerderverein-gs-eltze.de\/index.php?rest_route=\/wp\/v2\/posts\/384\/revisions"}],"predecessor-version":[{"id":565,"href":"https:\/\/www.foerderverein-gs-eltze.de\/index.php?rest_route=\/wp\/v2\/posts\/384\/revisions\/565"}],"wp:attachment":[{"href":"https:\/\/www.foerderverein-gs-eltze.de\/index.php?rest_route=%2Fwp%2Fv2%2Fmedia&parent=384"}],"wp:term":[{"taxonomy":"category","embeddable":true,"href":"https:\/\/www.foerderverein-gs-eltze.de\/index.php?rest_route=%2Fwp%2Fv2%2Fcategories&post=384"},{"taxonomy":"post_tag","embeddable":true,"href":"https:\/\/www.foerderverein-gs-eltze.de\/index.php?rest_route=%2Fwp%2Fv2%2Ftags&post=384"}],"curies":[{"name":"wp","href":"https:\/\/api.w.org\/{rel}","templated":true}]}}