{"id":608,"date":"2014-11-15T08:35:25","date_gmt":"2014-11-15T07:35:25","guid":{"rendered":"http:\/\/www.foerderverein-gs-eltze.de\/?p=608"},"modified":"2014-12-17T08:35:54","modified_gmt":"2014-12-17T07:35:54","slug":"jahreshauptversammlung-20142015","status":"publish","type":"post","link":"https:\/\/www.foerderverein-gs-eltze.de\/?p=608","title":{"rendered":"Jahreshauptversammlung  2014\/2015"},"content":{"rendered":"<p><strong>Einladung zur<br \/>\n<\/strong><strong>Jahreshauptversammlung des F\u00f6rdervereins der Grundschule Eltze e.V.<br \/>\n<\/strong><strong>am Dienstag, den 9.12.2014 um 19\u00b0\u00b0 Uhr in der Schule in Eltze (Lehrerzimmer)<\/strong><\/p>\n<p>Tagesordnung<\/p>\n<ol>\n<li>Begr\u00fc\u00dfung<\/li>\n<li>Feststellung der Beschlussf\u00e4higkeit<\/li>\n<li>Bericht des Vorsitzenden<\/li>\n<li>Bericht des Schatzmeisters<\/li>\n<li>Bericht der Kassenpr\u00fcfer<\/li>\n<li>Entlastung des Vorstands<\/li>\n<li>Verschiedenes, Anfragen, W\u00fcnsche<\/li>\n<li>Neuwahlen (Vorsitzender, Schatzmeister, Beisitzer, Kassenpr\u00fcfer)<\/li>\n<\/ol>\n","protected":false},"excerpt":{"rendered":"<p>Einladung zur Jahreshauptversammlung des F\u00f6rdervereins der Grundschule Eltze e.V. am Dienstag, den 9.12.2014 um 19\u00b0\u00b0 Uhr in der Schule in Eltze (Lehrerzimmer) Tagesordnung Begr\u00fc\u00dfung Feststellung der Beschlussf\u00e4higkeit Bericht des Vorsitzenden Bericht des Schatzmeisters Bericht der Kassenpr\u00fcfer Entlastung des Vorstands Verschiedenes, [&hellip;]<\/p>\n","protected":false},"author":3,"featured_media":0,"comment_status":"open","ping_status":"open","sticky":false,"template":"","format":"standard","meta":{"ngg_post_thumbnail":0,"footnotes":""},"categories":[10],"tags":[],"class_list":["post-608","post","type-post","status-publish","format-standard","hentry","category-termine"],"_links":{"self":[{"href":"https:\/\/www.foerderverein-gs-eltze.de\/index.php?rest_route=\/wp\/v2\/posts\/608","targetHints":{"allow":["GET"]}}],"collection":[{"href":"https:\/\/www.foerderverein-gs-eltze.de\/index.php?rest_route=\/wp\/v2\/posts"}],"about":[{"href":"https:\/\/www.foerderverein-gs-eltze.de\/index.php?rest_route=\/wp\/v2\/types\/post"}],"author":[{"embeddable":true,"href":"https:\/\/www.foerderverein-gs-eltze.de\/index.php?rest_route=\/wp\/v2\/users\/3"}],"replies":[{"embeddable":true,"href":"https:\/\/www.foerderverein-gs-eltze.de\/index.php?rest_route=%2Fwp%2Fv2%2Fcomments&post=608"}],"version-history":[{"count":2,"href":"https:\/\/www.foerderverein-gs-eltze.de\/index.php?rest_route=\/wp\/v2\/posts\/608\/revisions"}],"predecessor-version":[{"id":610,"href":"https:\/\/www.foerderverein-gs-eltze.de\/index.php?rest_route=\/wp\/v2\/posts\/608\/revisions\/610"}],"wp:attachment":[{"href":"https:\/\/www.foerderverein-gs-eltze.de\/index.php?rest_route=%2Fwp%2Fv2%2Fmedia&parent=608"}],"wp:term":[{"taxonomy":"category","embeddable":true,"href":"https:\/\/www.foerderverein-gs-eltze.de\/index.php?rest_route=%2Fwp%2Fv2%2Fcategories&post=608"},{"taxonomy":"post_tag","embeddable":true,"href":"https:\/\/www.foerderverein-gs-eltze.de\/index.php?rest_route=%2Fwp%2Fv2%2Ftags&post=608"}],"curies":[{"name":"wp","href":"https:\/\/api.w.org\/{rel}","templated":true}]}}