{"id":981,"date":"2022-08-28T19:59:42","date_gmt":"2022-08-28T18:59:42","guid":{"rendered":"https:\/\/www.foerderverein-gs-eltze.de\/?p=981"},"modified":"2022-08-28T20:00:34","modified_gmt":"2022-08-28T19:00:34","slug":"einschulung-2022","status":"publish","type":"post","link":"https:\/\/www.foerderverein-gs-eltze.de\/?p=981","title":{"rendered":"Einschulung 2022"},"content":{"rendered":"\n<p>Am 27.08.2022 war es wieder soweit: Die Einschulung der neuen ersten Klasse!<\/p>\n\n\n\n<p>Der F\u00f6rderverein und einige Eltern der 2e haben die Feier mit einen Dekoration, einem bunten Kuchenbuffet und Getr\u00e4nken bereichert.<\/p>\n\n\n\n<p>Wir begr\u00fc\u00dfen alle neuen Sch\u00fclerInnen, deren Eltern und Angeh\u00f6rige und w\u00fcnschen allen einen guten Start hier bei uns in der Grundschule Eltze.<\/p>\n\n\n\n<p>Wir freuen uns \u00fcber neue aktive oder passive Mitglieder im F\u00f6rderverein, denn jedes neues Mitglied erm\u00f6glicht auch die Erweiterung unserer Aktionen f\u00fcr unsere Kinder!<\/p>\n\n\n\nngg_shortcode_0_placeholder\n","protected":false},"excerpt":{"rendered":"<p>Am 27.08.2022 war es wieder soweit: Die Einschulung der neuen ersten Klasse! Der F\u00f6rderverein und einige Eltern der 2e haben die Feier mit einen Dekoration, einem bunten Kuchenbuffet und Getr\u00e4nken bereichert. Wir begr\u00fc\u00dfen alle neuen Sch\u00fclerInnen, deren Eltern und Angeh\u00f6rige [&hellip;]<\/p>\n","protected":false},"author":11,"featured_media":0,"comment_status":"closed","ping_status":"open","sticky":false,"template":"","format":"standard","meta":{"ngg_post_thumbnail":0,"footnotes":""},"categories":[4],"tags":[],"class_list":["post-981","post","type-post","status-publish","format-standard","hentry","category-aktionen"],"_links":{"self":[{"href":"https:\/\/www.foerderverein-gs-eltze.de\/index.php?rest_route=\/wp\/v2\/posts\/981","targetHints":{"allow":["GET"]}}],"collection":[{"href":"https:\/\/www.foerderverein-gs-eltze.de\/index.php?rest_route=\/wp\/v2\/posts"}],"about":[{"href":"https:\/\/www.foerderverein-gs-eltze.de\/index.php?rest_route=\/wp\/v2\/types\/post"}],"author":[{"embeddable":true,"href":"https:\/\/www.foerderverein-gs-eltze.de\/index.php?rest_route=\/wp\/v2\/users\/11"}],"replies":[{"embeddable":true,"href":"https:\/\/www.foerderverein-gs-eltze.de\/index.php?rest_route=%2Fwp%2Fv2%2Fcomments&post=981"}],"version-history":[{"count":4,"href":"https:\/\/www.foerderverein-gs-eltze.de\/index.php?rest_route=\/wp\/v2\/posts\/981\/revisions"}],"predecessor-version":[{"id":990,"href":"https:\/\/www.foerderverein-gs-eltze.de\/index.php?rest_route=\/wp\/v2\/posts\/981\/revisions\/990"}],"wp:attachment":[{"href":"https:\/\/www.foerderverein-gs-eltze.de\/index.php?rest_route=%2Fwp%2Fv2%2Fmedia&parent=981"}],"wp:term":[{"taxonomy":"category","embeddable":true,"href":"https:\/\/www.foerderverein-gs-eltze.de\/index.php?rest_route=%2Fwp%2Fv2%2Fcategories&post=981"},{"taxonomy":"post_tag","embeddable":true,"href":"https:\/\/www.foerderverein-gs-eltze.de\/index.php?rest_route=%2Fwp%2Fv2%2Ftags&post=981"}],"curies":[{"name":"wp","href":"https:\/\/api.w.org\/{rel}","templated":true}]}}